{"id":8720,"date":"2019-10-25T03:58:12","date_gmt":"2019-10-25T01:58:12","guid":{"rendered":"https:\/\/tallersautoada.com\/dfsk\/"},"modified":"2024-11-23T21:48:38","modified_gmt":"2024-11-23T19:48:38","slug":"dfsk","status":"publish","type":"post","link":"https:\/\/tallersautoada.com\/es\/dfsk\/","title":{"rendered":"DFSK"},"content":{"rendered":"\t\t<div data-elementor-type=\"wp-post\" data-elementor-id=\"8720\" class=\"elementor elementor-8720 elementor-8452\" data-elementor-post-type=\"post\">\n\t\t\t\t<div class=\"elementor-element elementor-element-a53c179 e-flex e-con-boxed e-con e-parent\" data-id=\"a53c179\" data-element_type=\"container\" data-e-type=\"container\">\n\t\t\t\t\t<div class=\"e-con-inner\">\n\t\t\n\t\t<div class=\"elementor-element elementor-element-0f21ff3 elementor-widget elementor-widget-page-title\" data-id=\"0f21ff3\" data-element_type=\"widget\" data-e-type=\"widget\" data-widget_type=\"page-title.default\">\n\t\t\t\t<div class=\"elementor-widget-container\">\n\t\t\t\t\t\t\t\n\t\t<div class=\"hfe-page-title hfe-page-title-wrapper elementor-widget-heading\">\n\n\t\t\t\t\t\t\t\t\t\t\t<a href=\"https:\/\/tallersautoada.com\/es\/\">\n\t\t\t\t\t\t<h1 class=\"elementor-heading-title elementor-size-default\">\n\t\t\t\t\t\t\t\t\n\t\t\t\tDFSK  \n\t\t\t<\/h1 > \n\t\t\t\t\t\t\t\t\t<\/a>\n\t\t\t\t\t<\/div>\n\t\t\t\t\t\t<\/div>\n\t\t\t\t<\/div>\n\t\t\t\t\t<\/div>\n\t\t\t\t<\/div>\n\t\t<div class=\"elementor-element elementor-element-400cfb5 e-flex e-con-boxed e-con e-parent\" data-id=\"400cfb5\" data-element_type=\"container\" data-e-type=\"container\">\n\t\t\t\t\t<div class=\"e-con-inner\">\n\t\t<div class=\"elementor-element elementor-element-dce67ec e-con-full e-flex e-con e-child\" data-id=\"dce67ec\" data-element_type=\"container\" data-e-type=\"container\">\n\t\t\t\t<div class=\"elementor-element elementor-element-60fa8ec elementor-widget elementor-widget-image\" data-id=\"60fa8ec\" data-element_type=\"widget\" data-e-type=\"widget\" data-widget_type=\"image.default\">\n\t\t\t\t<div class=\"elementor-widget-container\">\n\t\t\t\t\t\t\t\t\t\t\t\t\t\t\t<img fetchpriority=\"high\" decoding=\"async\" width=\"980\" height=\"613\" src=\"https:\/\/tallersautoada.com\/wp-content\/uploads\/2024\/10\/IMG_0496-1080x675-1-1024x640.webp\" class=\"attachment-large size-large wp-image-8658\" alt=\"\" srcset=\"https:\/\/tallersautoada.com\/wp-content\/uploads\/2024\/10\/IMG_0496-1080x675-1-1024x640.webp 1024w, https:\/\/tallersautoada.com\/wp-content\/uploads\/2024\/10\/IMG_0496-1080x675-1-300x188.webp 300w, https:\/\/tallersautoada.com\/wp-content\/uploads\/2024\/10\/IMG_0496-1080x675-1-768x480.webp 768w, https:\/\/tallersautoada.com\/wp-content\/uploads\/2024\/10\/IMG_0496-1080x675-1-600x375.webp 600w, https:\/\/tallersautoada.com\/wp-content\/uploads\/2024\/10\/IMG_0496-1080x675-1.webp 1080w\" sizes=\"(max-width: 980px) 100vw, 980px\" \/>\t\t\t\t\t\t\t\t\t\t\t\t\t\t\t<\/div>\n\t\t\t\t<\/div>\n\t\t\t\t<div class=\"elementor-element elementor-element-bed2d6f elementor-widget elementor-widget-text-editor\" data-id=\"bed2d6f\" data-element_type=\"widget\" data-e-type=\"widget\" data-widget_type=\"text-editor.default\">\n\t\t\t\t<div class=\"elementor-widget-container\">\n\t\t\t\t\t\t\t\t\t<p>Tallers Autoada comienza un nuevo proyecto con la marca DFSK que desde estos \u00faltimos a\u00f1os atr\u00e1s ha empezado a expandirse por Europa.<\/p>\n<p>Con m\u00e1s de 15 a\u00f1os de experiencia en la fabricaci\u00f3n y comercializaci\u00f3n de la marca en otros pa\u00edses como Chile, Argentina, Per\u00fa. entre otros; y una gran gama de veh\u00edculos comerciales, entra en Europa con su veh\u00edculo SUV 580.<\/p>\n<p>Una l\u00ednea inmejorable, motoras gasolina y Bifuel, grandes equipamientos, radio-navegador, llantas de aluminio, asientos de piel, c\u00e1mara de 360\u00ba, etc.<\/p>\n<p>Conoce la marca y sus ventajas dentro del link <strong><a href=\"https:\/\/dfsk.es\/\">DFS<\/a>K<\/strong><\/p>\n\t\t\t\t\t\t\t\t<\/div>\n\t\t\t\t<\/div>\n\t\t\t\t<div class=\"elementor-element elementor-element-0764680 elementor-widget elementor-widget-gallery\" data-id=\"0764680\" data-element_type=\"widget\" data-e-type=\"widget\" data-settings=\"{&quot;columns&quot;:2,&quot;lazyload&quot;:&quot;yes&quot;,&quot;gallery_layout&quot;:&quot;grid&quot;,&quot;columns_tablet&quot;:2,&quot;columns_mobile&quot;:1,&quot;gap&quot;:{&quot;unit&quot;:&quot;px&quot;,&quot;size&quot;:10,&quot;sizes&quot;:[]},&quot;gap_laptop&quot;:{&quot;unit&quot;:&quot;px&quot;,&quot;size&quot;:10,&quot;sizes&quot;:[]},&quot;gap_tablet_extra&quot;:{&quot;unit&quot;:&quot;px&quot;,&quot;size&quot;:10,&quot;sizes&quot;:[]},&quot;gap_tablet&quot;:{&quot;unit&quot;:&quot;px&quot;,&quot;size&quot;:10,&quot;sizes&quot;:[]},&quot;gap_mobile_extra&quot;:{&quot;unit&quot;:&quot;px&quot;,&quot;size&quot;:10,&quot;sizes&quot;:[]},&quot;gap_mobile&quot;:{&quot;unit&quot;:&quot;px&quot;,&quot;size&quot;:10,&quot;sizes&quot;:[]},&quot;link_to&quot;:&quot;file&quot;,&quot;aspect_ratio&quot;:&quot;3:2&quot;,&quot;overlay_background&quot;:&quot;yes&quot;,&quot;content_hover_animation&quot;:&quot;fade-in&quot;}\" data-widget_type=\"gallery.default\">\n\t\t\t\t<div class=\"elementor-widget-container\">\n\t\t\t\t\t\t\t<div class=\"elementor-gallery__container\">\n\t\t\t\t\t\t\t<a class=\"e-gallery-item elementor-gallery-item elementor-animated-content\" href=\"https:\/\/tallersautoada.com\/wp-content\/uploads\/2024\/10\/IMG_0504-300x200-1.jpg\" data-elementor-open-lightbox=\"yes\" data-elementor-lightbox-slideshow=\"0764680\" data-elementor-lightbox-title=\"IMG_0504-300x200\" data-e-action-hash=\"#elementor-action%3Aaction%3Dlightbox%26settings%3DeyJpZCI6ODQ1NiwidXJsIjoiaHR0cHM6XC9cL3RhbGxlcnNhdXRvYWRhLmNvbVwvd3AtY29udGVudFwvdXBsb2Fkc1wvMjAyNFwvMTBcL0lNR18wNTA0LTMwMHgyMDAtMS5qcGciLCJzbGlkZXNob3ciOiIwNzY0NjgwIn0%3D\">\n\t\t\t\t\t<div class=\"e-gallery-image elementor-gallery-item__image\" data-thumbnail=\"https:\/\/tallersautoada.com\/wp-content\/uploads\/2024\/10\/IMG_0504-300x200-1.jpg\" data-width=\"300\" data-height=\"200\" aria-label=\"\" role=\"img\" ><\/div>\n\t\t\t\t\t\t\t\t\t\t\t<div class=\"elementor-gallery-item__overlay\"><\/div>\n\t\t\t\t\t\t\t\t\t\t\t\t\t\t<\/a>\n\t\t\t\t\t\t\t<a class=\"e-gallery-item elementor-gallery-item elementor-animated-content\" href=\"https:\/\/tallersautoada.com\/wp-content\/uploads\/2024\/10\/IMG_0499-300x200-1.jpg\" data-elementor-open-lightbox=\"yes\" data-elementor-lightbox-slideshow=\"0764680\" data-elementor-lightbox-title=\"IMG_0499-300x200\" data-e-action-hash=\"#elementor-action%3Aaction%3Dlightbox%26settings%3DeyJpZCI6ODQ1NSwidXJsIjoiaHR0cHM6XC9cL3RhbGxlcnNhdXRvYWRhLmNvbVwvd3AtY29udGVudFwvdXBsb2Fkc1wvMjAyNFwvMTBcL0lNR18wNDk5LTMwMHgyMDAtMS5qcGciLCJzbGlkZXNob3ciOiIwNzY0NjgwIn0%3D\">\n\t\t\t\t\t<div class=\"e-gallery-image elementor-gallery-item__image\" data-thumbnail=\"https:\/\/tallersautoada.com\/wp-content\/uploads\/2024\/10\/IMG_0499-300x200-1.jpg\" data-width=\"300\" data-height=\"200\" aria-label=\"\" role=\"img\" ><\/div>\n\t\t\t\t\t\t\t\t\t\t\t<div class=\"elementor-gallery-item__overlay\"><\/div>\n\t\t\t\t\t\t\t\t\t\t\t\t\t\t<\/a>\n\t\t\t\t\t<\/div>\n\t\t\t\t\t<\/div>\n\t\t\t\t<\/div>\n\t\t\t\t<\/div>\n\t\t<div class=\"elementor-element elementor-element-fe74178 e-con-full e-flex e-con e-child\" data-id=\"fe74178\" data-element_type=\"container\" data-e-type=\"container\">\n\t\t\t\t<\/div>\n\t\t\t\t\t<\/div>\n\t\t\t\t<\/div>\n\t\t<div class=\"elementor-element elementor-element-297081a e-flex e-con-boxed e-con e-parent\" data-id=\"297081a\" data-element_type=\"container\" data-e-type=\"container\">\n\t\t\t\t\t<div class=\"e-con-inner\">\n\t\t\t\t<div class=\"elementor-element elementor-element-a155dd2 elementor-widget elementor-widget-heading\" data-id=\"a155dd2\" data-element_type=\"widget\" data-e-type=\"widget\" data-widget_type=\"heading.default\">\n\t\t\t\t<div class=\"elementor-widget-container\">\n\t\t\t\t\t<h2 class=\"elementor-heading-title elementor-size-default\">Otras noticias de inter\u00e9s<\/h2>\t\t\t\t<\/div>\n\t\t\t\t<\/div>\n\t\t\t\t<div class=\"elementor-element elementor-element-55321f4 elementor-grid-3 elementor-grid-tablet-2 elementor-grid-mobile-1 elementor-posts--thumbnail-top elementor-widget elementor-widget-posts\" data-id=\"55321f4\" data-element_type=\"widget\" data-e-type=\"widget\" data-settings=\"{&quot;classic_columns&quot;:&quot;3&quot;,&quot;classic_columns_tablet&quot;:&quot;2&quot;,&quot;classic_columns_mobile&quot;:&quot;1&quot;,&quot;classic_row_gap&quot;:{&quot;unit&quot;:&quot;px&quot;,&quot;size&quot;:35,&quot;sizes&quot;:[]},&quot;classic_row_gap_laptop&quot;:{&quot;unit&quot;:&quot;px&quot;,&quot;size&quot;:&quot;&quot;,&quot;sizes&quot;:[]},&quot;classic_row_gap_tablet_extra&quot;:{&quot;unit&quot;:&quot;px&quot;,&quot;size&quot;:&quot;&quot;,&quot;sizes&quot;:[]},&quot;classic_row_gap_tablet&quot;:{&quot;unit&quot;:&quot;px&quot;,&quot;size&quot;:&quot;&quot;,&quot;sizes&quot;:[]},&quot;classic_row_gap_mobile_extra&quot;:{&quot;unit&quot;:&quot;px&quot;,&quot;size&quot;:&quot;&quot;,&quot;sizes&quot;:[]},&quot;classic_row_gap_mobile&quot;:{&quot;unit&quot;:&quot;px&quot;,&quot;size&quot;:&quot;&quot;,&quot;sizes&quot;:[]}}\" data-widget_type=\"posts.classic\">\n\t\t\t\t<div class=\"elementor-widget-container\">\n\t\t\t\t\t\t\t<div class=\"elementor-posts-container elementor-posts elementor-posts--skin-classic elementor-grid\" role=\"list\">\n\t\t\t\t<article class=\"elementor-post elementor-grid-item post-8718 post type-post status-publish format-standard has-post-thumbnail hentry category-sin-categorizar\" role=\"listitem\">\n\t\t\t\t<a class=\"elementor-post__thumbnail__link\" href=\"https:\/\/tallersautoada.com\/es\/fira-mostres-girona-2019\/\" tabindex=\"-1\" >\n\t\t\t<div class=\"elementor-post__thumbnail\"><img decoding=\"async\" width=\"300\" height=\"188\" src=\"https:\/\/tallersautoada.com\/wp-content\/uploads\/2019\/11\/FIRA-MOSTRES-1080x675-1-300x188.webp\" class=\"attachment-medium size-medium wp-image-8661\" alt=\"\" srcset=\"https:\/\/tallersautoada.com\/wp-content\/uploads\/2019\/11\/FIRA-MOSTRES-1080x675-1-300x188.webp 300w, https:\/\/tallersautoada.com\/wp-content\/uploads\/2019\/11\/FIRA-MOSTRES-1080x675-1-1024x640.webp 1024w, https:\/\/tallersautoada.com\/wp-content\/uploads\/2019\/11\/FIRA-MOSTRES-1080x675-1-768x480.webp 768w, https:\/\/tallersautoada.com\/wp-content\/uploads\/2019\/11\/FIRA-MOSTRES-1080x675-1-600x375.webp 600w, https:\/\/tallersautoada.com\/wp-content\/uploads\/2019\/11\/FIRA-MOSTRES-1080x675-1.webp 1080w\" sizes=\"(max-width: 300px) 100vw, 300px\" \/><\/div>\n\t\t<\/a>\n\t\t\t\t<div class=\"elementor-post__text\">\n\t\t\t\t<h3 class=\"elementor-post__title\">\n\t\t\t<a href=\"https:\/\/tallersautoada.com\/es\/fira-mostres-girona-2019\/\" >\n\t\t\t\tFIRA MOSTRES GIRONA 2019\t\t\t<\/a>\n\t\t<\/h3>\n\t\t\t\t<div class=\"elementor-post__meta-data\">\n\t\t\t\t\t<span class=\"elementor-post-date\">\n\t\t\t13 de November de 2019\t\t<\/span>\n\t\t\t\t<span class=\"elementor-post-avatar\">\n\t\t\tNo Comments\t\t<\/span>\n\t\t\t\t<\/div>\n\t\t\t\t<div class=\"elementor-post__excerpt\">\n\t\t\t<p>Durante los d\u00edas del 29 de Octubre al 3 de Noviembre y aprovechando las fiestas de Sant Narc\u00eds de Girona; se celebr\u00f3 la feria de<\/p>\n\t\t<\/div>\n\t\t\n\t\t<a class=\"elementor-post__read-more\" href=\"https:\/\/tallersautoada.com\/es\/fira-mostres-girona-2019\/\" aria-label=\"Read more about FIRA MOSTRES GIRONA 2019\" tabindex=\"-1\" >\n\t\t\t Leer m\u00e1s \u00bb\t\t<\/a>\n\n\t\t\t\t<\/div>\n\t\t\t\t<\/article>\n\t\t\t\t<article class=\"elementor-post elementor-grid-item post-8720 post type-post status-publish format-standard has-post-thumbnail hentry category-sin-categorizar\" role=\"listitem\">\n\t\t\t\t<a class=\"elementor-post__thumbnail__link\" href=\"https:\/\/tallersautoada.com\/es\/dfsk\/\" tabindex=\"-1\" >\n\t\t\t<div class=\"elementor-post__thumbnail\"><img decoding=\"async\" width=\"300\" height=\"188\" src=\"https:\/\/tallersautoada.com\/wp-content\/uploads\/2024\/10\/IMG_0496-1080x675-1-300x188.webp\" class=\"attachment-medium size-medium wp-image-8658\" alt=\"\" srcset=\"https:\/\/tallersautoada.com\/wp-content\/uploads\/2024\/10\/IMG_0496-1080x675-1-300x188.webp 300w, https:\/\/tallersautoada.com\/wp-content\/uploads\/2024\/10\/IMG_0496-1080x675-1-1024x640.webp 1024w, https:\/\/tallersautoada.com\/wp-content\/uploads\/2024\/10\/IMG_0496-1080x675-1-768x480.webp 768w, https:\/\/tallersautoada.com\/wp-content\/uploads\/2024\/10\/IMG_0496-1080x675-1-600x375.webp 600w, https:\/\/tallersautoada.com\/wp-content\/uploads\/2024\/10\/IMG_0496-1080x675-1.webp 1080w\" sizes=\"(max-width: 300px) 100vw, 300px\" \/><\/div>\n\t\t<\/a>\n\t\t\t\t<div class=\"elementor-post__text\">\n\t\t\t\t<h3 class=\"elementor-post__title\">\n\t\t\t<a href=\"https:\/\/tallersautoada.com\/es\/dfsk\/\" >\n\t\t\t\tDFSK\t\t\t<\/a>\n\t\t<\/h3>\n\t\t\t\t<div class=\"elementor-post__meta-data\">\n\t\t\t\t\t<span class=\"elementor-post-date\">\n\t\t\t25 de October de 2019\t\t<\/span>\n\t\t\t\t<span class=\"elementor-post-avatar\">\n\t\t\tNo Comments\t\t<\/span>\n\t\t\t\t<\/div>\n\t\t\t\t<div class=\"elementor-post__excerpt\">\n\t\t\t<p>Tallers Autoada comienza un nuevo proyecto con la marca DFSK que desde estos \u00faltimos a\u00f1os atr\u00e1s ha empezado a expandirse por Europa. Con m\u00e1s de<\/p>\n\t\t<\/div>\n\t\t\n\t\t<a class=\"elementor-post__read-more\" href=\"https:\/\/tallersautoada.com\/es\/dfsk\/\" aria-label=\"Read more about DFSK\" tabindex=\"-1\" >\n\t\t\t Leer m\u00e1s \u00bb\t\t<\/a>\n\n\t\t\t\t<\/div>\n\t\t\t\t<\/article>\n\t\t\t\t<article class=\"elementor-post elementor-grid-item post-8722 post type-post status-publish format-standard has-post-thumbnail hentry category-sin-categorizar\" role=\"listitem\">\n\t\t\t\t<a class=\"elementor-post__thumbnail__link\" href=\"https:\/\/tallersautoada.com\/es\/fira-sant-andreu-de-torroella-de-montgri\/\" tabindex=\"-1\" >\n\t\t\t<div class=\"elementor-post__thumbnail\"><img loading=\"lazy\" decoding=\"async\" width=\"300\" height=\"188\" src=\"https:\/\/tallersautoada.com\/wp-content\/uploads\/2024\/06\/fira-de-sant-andreu-300x188.webp\" class=\"attachment-medium size-medium wp-image-8649\" alt=\"\" srcset=\"https:\/\/tallersautoada.com\/wp-content\/uploads\/2024\/06\/fira-de-sant-andreu-300x188.webp 300w, https:\/\/tallersautoada.com\/wp-content\/uploads\/2024\/06\/fira-de-sant-andreu-1024x640.webp 1024w, https:\/\/tallersautoada.com\/wp-content\/uploads\/2024\/06\/fira-de-sant-andreu-768x480.webp 768w, https:\/\/tallersautoada.com\/wp-content\/uploads\/2024\/06\/fira-de-sant-andreu-600x375.webp 600w, https:\/\/tallersautoada.com\/wp-content\/uploads\/2024\/06\/fira-de-sant-andreu.webp 1080w\" sizes=\"(max-width: 300px) 100vw, 300px\" \/><\/div>\n\t\t<\/a>\n\t\t\t\t<div class=\"elementor-post__text\">\n\t\t\t\t<h3 class=\"elementor-post__title\">\n\t\t\t<a href=\"https:\/\/tallersautoada.com\/es\/fira-sant-andreu-de-torroella-de-montgri\/\" >\n\t\t\t\tFIRA SANT ANDREU DE TORROELLA DE MONTGR\u00cd\t\t\t<\/a>\n\t\t<\/h3>\n\t\t\t\t<div class=\"elementor-post__meta-data\">\n\t\t\t\t\t<span class=\"elementor-post-date\">\n\t\t\t20 de June de 2019\t\t<\/span>\n\t\t\t\t<span class=\"elementor-post-avatar\">\n\t\t\tNo Comments\t\t<\/span>\n\t\t\t\t<\/div>\n\t\t\t\t<div class=\"elementor-post__excerpt\">\n\t\t\t<p>El pasado fin de semana del 30-Nov. y 1-Dic. hemos tenido satisfacci\u00f3n de disfrutar por primera vez, para nosotros de la feria agr\u00edcola-ganadera-comercial, donde presentamos<\/p>\n\t\t<\/div>\n\t\t\n\t\t<a class=\"elementor-post__read-more\" href=\"https:\/\/tallersautoada.com\/es\/fira-sant-andreu-de-torroella-de-montgri\/\" aria-label=\"Read more about FIRA SANT ANDREU DE TORROELLA DE MONTGR\u00cd\" tabindex=\"-1\" >\n\t\t\t Leer m\u00e1s \u00bb\t\t<\/a>\n\n\t\t\t\t<\/div>\n\t\t\t\t<\/article>\n\t\t\t\t<article class=\"elementor-post elementor-grid-item post-8724 post type-post status-publish format-standard has-post-thumbnail hentry category-sin-categorizar\" role=\"listitem\">\n\t\t\t\t<a class=\"elementor-post__thumbnail__link\" href=\"https:\/\/tallersautoada.com\/es\/felicidades-campeones\/\" tabindex=\"-1\" >\n\t\t\t<div class=\"elementor-post__thumbnail\"><img loading=\"lazy\" decoding=\"async\" width=\"300\" height=\"198\" src=\"https:\/\/tallersautoada.com\/wp-content\/uploads\/2024\/10\/basquet_lasalle-1024x675-1-300x198.webp\" class=\"attachment-medium size-medium wp-image-8657\" alt=\"\" srcset=\"https:\/\/tallersautoada.com\/wp-content\/uploads\/2024\/10\/basquet_lasalle-1024x675-1-300x198.webp 300w, https:\/\/tallersautoada.com\/wp-content\/uploads\/2024\/10\/basquet_lasalle-1024x675-1-768x506.webp 768w, https:\/\/tallersautoada.com\/wp-content\/uploads\/2024\/10\/basquet_lasalle-1024x675-1-600x396.webp 600w, https:\/\/tallersautoada.com\/wp-content\/uploads\/2024\/10\/basquet_lasalle-1024x675-1.webp 1024w\" sizes=\"(max-width: 300px) 100vw, 300px\" \/><\/div>\n\t\t<\/a>\n\t\t\t\t<div class=\"elementor-post__text\">\n\t\t\t\t<h3 class=\"elementor-post__title\">\n\t\t\t<a href=\"https:\/\/tallersautoada.com\/es\/felicidades-campeones\/\" >\n\t\t\t\tFELICIDADES CAMPEONES!\t\t\t<\/a>\n\t\t<\/h3>\n\t\t\t\t<div class=\"elementor-post__meta-data\">\n\t\t\t\t\t<span class=\"elementor-post-date\">\n\t\t\t19 de April de 2017\t\t<\/span>\n\t\t\t\t<span class=\"elementor-post-avatar\">\n\t\t\tNo Comments\t\t<\/span>\n\t\t\t\t<\/div>\n\t\t\t\t<div class=\"elementor-post__excerpt\">\n\t\t\t<p>El grupo mini masculino de baloncesto de la Salle Palamos son campeones ligueros del curso 2015-2016.Campeones del Torneo 12 Horas de Baloncesto de la Salle,<\/p>\n\t\t<\/div>\n\t\t\n\t\t<a class=\"elementor-post__read-more\" href=\"https:\/\/tallersautoada.com\/es\/felicidades-campeones\/\" aria-label=\"Read more about FELICIDADES CAMPEONES!\" tabindex=\"-1\" >\n\t\t\t Leer m\u00e1s \u00bb\t\t<\/a>\n\n\t\t\t\t<\/div>\n\t\t\t\t<\/article>\n\t\t\t\t<article class=\"elementor-post elementor-grid-item post-8726 post type-post status-publish format-standard has-post-thumbnail hentry category-sin-categorizar\" role=\"listitem\">\n\t\t\t\t<a class=\"elementor-post__thumbnail__link\" href=\"https:\/\/tallersautoada.com\/es\/como-escojo-los-neumaticos-para-mi-vehiculo\/\" tabindex=\"-1\" >\n\t\t\t<div class=\"elementor-post__thumbnail\"><img loading=\"lazy\" decoding=\"async\" width=\"300\" height=\"198\" src=\"https:\/\/tallersautoada.com\/wp-content\/uploads\/2016\/10\/pneumatics-1024x675-1-300x198.webp\" class=\"attachment-medium size-medium wp-image-8656\" alt=\"\" srcset=\"https:\/\/tallersautoada.com\/wp-content\/uploads\/2016\/10\/pneumatics-1024x675-1-300x198.webp 300w, https:\/\/tallersautoada.com\/wp-content\/uploads\/2016\/10\/pneumatics-1024x675-1-768x506.webp 768w, https:\/\/tallersautoada.com\/wp-content\/uploads\/2016\/10\/pneumatics-1024x675-1-600x396.webp 600w, https:\/\/tallersautoada.com\/wp-content\/uploads\/2016\/10\/pneumatics-1024x675-1.webp 1024w\" sizes=\"(max-width: 300px) 100vw, 300px\" \/><\/div>\n\t\t<\/a>\n\t\t\t\t<div class=\"elementor-post__text\">\n\t\t\t\t<h3 class=\"elementor-post__title\">\n\t\t\t<a href=\"https:\/\/tallersautoada.com\/es\/como-escojo-los-neumaticos-para-mi-vehiculo\/\" >\n\t\t\t\t\u00bfC\u00d3MO ESCOJO LOS NEUM\u00c1TICOS PARA MI VEH\u00cdCULO?\t\t\t<\/a>\n\t\t<\/h3>\n\t\t\t\t<div class=\"elementor-post__meta-data\">\n\t\t\t\t\t<span class=\"elementor-post-date\">\n\t\t\t25 de October de 2016\t\t<\/span>\n\t\t\t\t<span class=\"elementor-post-avatar\">\n\t\t\tNo Comments\t\t<\/span>\n\t\t\t\t<\/div>\n\t\t\t\t<div class=\"elementor-post__excerpt\">\n\t\t\t<p>&#8220;Todo el mundo quiere neum\u00e1ticos econ\u00f3micos pero que NO sean de baja calidad&#8221;Para facilitar su elecci\u00f3n, las podremos encontrar separadas en 3 categor\u00edas: marcas premium,<\/p>\n\t\t<\/div>\n\t\t\n\t\t<a class=\"elementor-post__read-more\" href=\"https:\/\/tallersautoada.com\/es\/como-escojo-los-neumaticos-para-mi-vehiculo\/\" aria-label=\"Read more about \u00bfC\u00d3MO ESCOJO LOS NEUM\u00c1TICOS PARA MI VEH\u00cdCULO?\" tabindex=\"-1\" >\n\t\t\t Leer m\u00e1s \u00bb\t\t<\/a>\n\n\t\t\t\t<\/div>\n\t\t\t\t<\/article>\n\t\t\t\t<article class=\"elementor-post elementor-grid-item post-8728 post type-post status-publish format-standard has-post-thumbnail hentry category-sin-categorizar\" role=\"listitem\">\n\t\t\t\t<a class=\"elementor-post__thumbnail__link\" href=\"https:\/\/tallersautoada.com\/es\/publicacion-en-la-vanguardia\/\" tabindex=\"-1\" >\n\t\t\t<div class=\"elementor-post__thumbnail\"><img loading=\"lazy\" decoding=\"async\" width=\"300\" height=\"107\" src=\"https:\/\/tallersautoada.com\/wp-content\/uploads\/2024\/09\/la-vanguardia-logo-copia-300x107.webp\" class=\"attachment-medium size-medium wp-image-8655\" alt=\"\" srcset=\"https:\/\/tallersautoada.com\/wp-content\/uploads\/2024\/09\/la-vanguardia-logo-copia-300x107.webp 300w, https:\/\/tallersautoada.com\/wp-content\/uploads\/2024\/09\/la-vanguardia-logo-copia-600x213.webp 600w, https:\/\/tallersautoada.com\/wp-content\/uploads\/2024\/09\/la-vanguardia-logo-copia.webp 742w\" sizes=\"(max-width: 300px) 100vw, 300px\" \/><\/div>\n\t\t<\/a>\n\t\t\t\t<div class=\"elementor-post__text\">\n\t\t\t\t<h3 class=\"elementor-post__title\">\n\t\t\t<a href=\"https:\/\/tallersautoada.com\/es\/publicacion-en-la-vanguardia\/\" >\n\t\t\t\tPUBLICACI\u00d3N EN LA VANGUARDIA\t\t\t<\/a>\n\t\t<\/h3>\n\t\t\t\t<div class=\"elementor-post__meta-data\">\n\t\t\t\t\t<span class=\"elementor-post-date\">\n\t\t\t2 de September de 2016\t\t<\/span>\n\t\t\t\t<span class=\"elementor-post-avatar\">\n\t\t\tNo Comments\t\t<\/span>\n\t\t\t\t<\/div>\n\t\t\t\t<div class=\"elementor-post__excerpt\">\n\t\t\t<p>El taller ha optado por darse a conocer a trav\u00e9s de un reportaje, dentro de la secci\u00f3n SOBRE RUEDAS del diario LA VANGUARDIA.Dentro podremos encontrar<\/p>\n\t\t<\/div>\n\t\t\n\t\t<a class=\"elementor-post__read-more\" href=\"https:\/\/tallersautoada.com\/es\/publicacion-en-la-vanguardia\/\" aria-label=\"Read more about PUBLICACI\u00d3N EN LA VANGUARDIA\" tabindex=\"-1\" >\n\t\t\t Leer m\u00e1s \u00bb\t\t<\/a>\n\n\t\t\t\t<\/div>\n\t\t\t\t<\/article>\n\t\t\t\t<\/div>\n\t\t\n\t\t\t\t\t\t<\/div>\n\t\t\t\t<\/div>\n\t\t\t\t\t<\/div>\n\t\t\t\t<\/div>\n\t\t\t\t<\/div>\n\t\t","protected":false},"excerpt":{"rendered":"<p>Tallers Autoada comienza un nuevo proyecto con la marca DFSK que desde estos \u00faltimos a\u00f1os atr\u00e1s ha empezado a expandirse por Europa. Con m\u00e1s de 15 a\u00f1os de experiencia en la fabricaci\u00f3n y comercializaci\u00f3n de la marca en otros pa\u00edses como Chile, Argentina, Per\u00fa. entre otros; y una gran gama de veh\u00edculos comerciales, entra en [&hellip;]<\/p>\n","protected":false},"author":1,"featured_media":8658,"comment_status":"closed","ping_status":"closed","sticky":false,"template":"elementor_header_footer","format":"standard","meta":{"inline_featured_image":false,"footnotes":""},"categories":[58],"tags":[],"class_list":["post-8720","post","type-post","status-publish","format-standard","has-post-thumbnail","hentry","category-sin-categorizar"],"yoast_head":"<!-- This site is optimized with the Yoast SEO plugin v27.3 - https:\/\/yoast.com\/product\/yoast-seo-wordpress\/ -->\n<title>DFSK - Tallers Autoada<\/title>\n<meta name=\"robots\" content=\"noindex, follow\" \/>\n<meta property=\"og:locale\" content=\"es_ES\" \/>\n<meta property=\"og:type\" content=\"article\" \/>\n<meta property=\"og:title\" content=\"DFSK - Tallers Autoada\" \/>\n<meta property=\"og:description\" content=\"Tallers Autoada comienza un nuevo proyecto con la marca DFSK que desde estos \u00faltimos a\u00f1os atr\u00e1s ha empezado a expandirse por Europa. Con m\u00e1s de 15 a\u00f1os de experiencia en la fabricaci\u00f3n y comercializaci\u00f3n de la marca en otros pa\u00edses como Chile, Argentina, Per\u00fa. entre otros; y una gran gama de veh\u00edculos comerciales, entra en [&hellip;]\" \/>\n<meta property=\"og:url\" content=\"https:\/\/tallersautoada.com\/es\/dfsk\/\" \/>\n<meta property=\"og:site_name\" content=\"Tallers Autoada\" \/>\n<meta property=\"article:published_time\" content=\"2019-10-25T01:58:12+00:00\" \/>\n<meta property=\"article:modified_time\" content=\"2024-11-23T19:48:38+00:00\" \/>\n<meta property=\"og:image\" content=\"https:\/\/tallersautoada.com\/wp-content\/uploads\/2024\/10\/IMG_0496-1080x675-1.webp\" \/>\n\t<meta property=\"og:image:width\" content=\"1080\" \/>\n\t<meta property=\"og:image:height\" content=\"675\" \/>\n\t<meta property=\"og:image:type\" content=\"image\/webp\" \/>\n<meta name=\"author\" content=\"2mundoweb\" \/>\n<meta name=\"twitter:card\" content=\"summary_large_image\" \/>\n<meta name=\"twitter:label1\" content=\"Written by\" \/>\n\t<meta name=\"twitter:data1\" content=\"2mundoweb\" \/>\n\t<meta name=\"twitter:label2\" content=\"Est. reading time\" \/>\n\t<meta name=\"twitter:data2\" content=\"1 minute\" \/>\n<script type=\"application\/ld+json\" class=\"yoast-schema-graph\">{\"@context\":\"https:\\\/\\\/schema.org\",\"@graph\":[{\"@type\":\"Article\",\"@id\":\"https:\\\/\\\/tallersautoada.com\\\/es\\\/dfsk\\\/#article\",\"isPartOf\":{\"@id\":\"https:\\\/\\\/tallersautoada.com\\\/es\\\/dfsk\\\/\"},\"author\":{\"name\":\"2mundoweb\",\"@id\":\"https:\\\/\\\/tallersautoada.com\\\/#\\\/schema\\\/person\\\/25773ecb9c1aa0b1c720e145f496bbf7\"},\"headline\":\"DFSK\",\"datePublished\":\"2019-10-25T01:58:12+00:00\",\"dateModified\":\"2024-11-23T19:48:38+00:00\",\"mainEntityOfPage\":{\"@id\":\"https:\\\/\\\/tallersautoada.com\\\/es\\\/dfsk\\\/\"},\"wordCount\":105,\"publisher\":{\"@id\":\"https:\\\/\\\/tallersautoada.com\\\/#organization\"},\"image\":{\"@id\":\"https:\\\/\\\/tallersautoada.com\\\/es\\\/dfsk\\\/#primaryimage\"},\"thumbnailUrl\":\"https:\\\/\\\/tallersautoada.com\\\/wp-content\\\/uploads\\\/2024\\\/10\\\/IMG_0496-1080x675-1.webp\",\"articleSection\":[\"Sin categorizar\"],\"inLanguage\":\"es-ES\"},{\"@type\":\"WebPage\",\"@id\":\"https:\\\/\\\/tallersautoada.com\\\/es\\\/dfsk\\\/\",\"url\":\"https:\\\/\\\/tallersautoada.com\\\/es\\\/dfsk\\\/\",\"name\":\"DFSK - Tallers Autoada\",\"isPartOf\":{\"@id\":\"https:\\\/\\\/tallersautoada.com\\\/#website\"},\"primaryImageOfPage\":{\"@id\":\"https:\\\/\\\/tallersautoada.com\\\/es\\\/dfsk\\\/#primaryimage\"},\"image\":{\"@id\":\"https:\\\/\\\/tallersautoada.com\\\/es\\\/dfsk\\\/#primaryimage\"},\"thumbnailUrl\":\"https:\\\/\\\/tallersautoada.com\\\/wp-content\\\/uploads\\\/2024\\\/10\\\/IMG_0496-1080x675-1.webp\",\"datePublished\":\"2019-10-25T01:58:12+00:00\",\"dateModified\":\"2024-11-23T19:48:38+00:00\",\"breadcrumb\":{\"@id\":\"https:\\\/\\\/tallersautoada.com\\\/es\\\/dfsk\\\/#breadcrumb\"},\"inLanguage\":\"es-ES\",\"potentialAction\":[{\"@type\":\"ReadAction\",\"target\":[\"https:\\\/\\\/tallersautoada.com\\\/es\\\/dfsk\\\/\"]}]},{\"@type\":\"ImageObject\",\"inLanguage\":\"es-ES\",\"@id\":\"https:\\\/\\\/tallersautoada.com\\\/es\\\/dfsk\\\/#primaryimage\",\"url\":\"https:\\\/\\\/tallersautoada.com\\\/wp-content\\\/uploads\\\/2024\\\/10\\\/IMG_0496-1080x675-1.webp\",\"contentUrl\":\"https:\\\/\\\/tallersautoada.com\\\/wp-content\\\/uploads\\\/2024\\\/10\\\/IMG_0496-1080x675-1.webp\",\"width\":1080,\"height\":675},{\"@type\":\"BreadcrumbList\",\"@id\":\"https:\\\/\\\/tallersautoada.com\\\/es\\\/dfsk\\\/#breadcrumb\",\"itemListElement\":[{\"@type\":\"ListItem\",\"position\":1,\"name\":\"Inici\",\"item\":\"https:\\\/\\\/tallersautoada.com\\\/es\\\/inicio\\\/\"},{\"@type\":\"ListItem\",\"position\":2,\"name\":\"DFSK\"}]},{\"@type\":\"WebSite\",\"@id\":\"https:\\\/\\\/tallersautoada.com\\\/#website\",\"url\":\"https:\\\/\\\/tallersautoada.com\\\/\",\"name\":\"Tallers Autoada\",\"description\":\"Taller mec\u00e0nic, electricitat, planxa i pintura i centre de rentat\",\"publisher\":{\"@id\":\"https:\\\/\\\/tallersautoada.com\\\/#organization\"},\"potentialAction\":[{\"@type\":\"SearchAction\",\"target\":{\"@type\":\"EntryPoint\",\"urlTemplate\":\"https:\\\/\\\/tallersautoada.com\\\/?s={search_term_string}\"},\"query-input\":{\"@type\":\"PropertyValueSpecification\",\"valueRequired\":true,\"valueName\":\"search_term_string\"}}],\"inLanguage\":\"es-ES\"},{\"@type\":\"Organization\",\"@id\":\"https:\\\/\\\/tallersautoada.com\\\/#organization\",\"name\":\"Tallers Autoada\",\"url\":\"https:\\\/\\\/tallersautoada.com\\\/\",\"logo\":{\"@type\":\"ImageObject\",\"inLanguage\":\"es-ES\",\"@id\":\"https:\\\/\\\/tallersautoada.com\\\/#\\\/schema\\\/logo\\\/image\\\/\",\"url\":\"https:\\\/\\\/tallersautoada.com\\\/wp-content\\\/uploads\\\/2023\\\/01\\\/tallersautoada-logo.png\",\"contentUrl\":\"https:\\\/\\\/tallersautoada.com\\\/wp-content\\\/uploads\\\/2023\\\/01\\\/tallersautoada-logo.png\",\"width\":1006,\"height\":395,\"caption\":\"Tallers Autoada\"},\"image\":{\"@id\":\"https:\\\/\\\/tallersautoada.com\\\/#\\\/schema\\\/logo\\\/image\\\/\"}},{\"@type\":\"Person\",\"@id\":\"https:\\\/\\\/tallersautoada.com\\\/#\\\/schema\\\/person\\\/25773ecb9c1aa0b1c720e145f496bbf7\",\"name\":\"2mundoweb\",\"image\":{\"@type\":\"ImageObject\",\"inLanguage\":\"es-ES\",\"@id\":\"https:\\\/\\\/secure.gravatar.com\\\/avatar\\\/123347680ca74590dcd462dcf38edfa7f6ca57693ba0bfccede7ff2a44205574?s=96&d=mm&r=g\",\"url\":\"https:\\\/\\\/secure.gravatar.com\\\/avatar\\\/123347680ca74590dcd462dcf38edfa7f6ca57693ba0bfccede7ff2a44205574?s=96&d=mm&r=g\",\"contentUrl\":\"https:\\\/\\\/secure.gravatar.com\\\/avatar\\\/123347680ca74590dcd462dcf38edfa7f6ca57693ba0bfccede7ff2a44205574?s=96&d=mm&r=g\",\"caption\":\"2mundoweb\"},\"sameAs\":[\"https:\\\/\\\/tallersautoada.com\"],\"url\":\"https:\\\/\\\/tallersautoada.com\\\/es\\\/author\\\/2mundoweb\\\/\"}]}<\/script>\n<!-- \/ Yoast SEO plugin. -->","yoast_head_json":{"title":"DFSK - Tallers Autoada","robots":{"index":"noindex","follow":"follow"},"og_locale":"es_ES","og_type":"article","og_title":"DFSK - Tallers Autoada","og_description":"Tallers Autoada comienza un nuevo proyecto con la marca DFSK que desde estos \u00faltimos a\u00f1os atr\u00e1s ha empezado a expandirse por Europa. Con m\u00e1s de 15 a\u00f1os de experiencia en la fabricaci\u00f3n y comercializaci\u00f3n de la marca en otros pa\u00edses como Chile, Argentina, Per\u00fa. entre otros; y una gran gama de veh\u00edculos comerciales, entra en [&hellip;]","og_url":"https:\/\/tallersautoada.com\/es\/dfsk\/","og_site_name":"Tallers Autoada","article_published_time":"2019-10-25T01:58:12+00:00","article_modified_time":"2024-11-23T19:48:38+00:00","og_image":[{"width":1080,"height":675,"url":"https:\/\/tallersautoada.com\/wp-content\/uploads\/2024\/10\/IMG_0496-1080x675-1.webp","type":"image\/webp"}],"author":"2mundoweb","twitter_card":"summary_large_image","twitter_misc":{"Written by":"2mundoweb","Est. reading time":"1 minute"},"schema":{"@context":"https:\/\/schema.org","@graph":[{"@type":"Article","@id":"https:\/\/tallersautoada.com\/es\/dfsk\/#article","isPartOf":{"@id":"https:\/\/tallersautoada.com\/es\/dfsk\/"},"author":{"name":"2mundoweb","@id":"https:\/\/tallersautoada.com\/#\/schema\/person\/25773ecb9c1aa0b1c720e145f496bbf7"},"headline":"DFSK","datePublished":"2019-10-25T01:58:12+00:00","dateModified":"2024-11-23T19:48:38+00:00","mainEntityOfPage":{"@id":"https:\/\/tallersautoada.com\/es\/dfsk\/"},"wordCount":105,"publisher":{"@id":"https:\/\/tallersautoada.com\/#organization"},"image":{"@id":"https:\/\/tallersautoada.com\/es\/dfsk\/#primaryimage"},"thumbnailUrl":"https:\/\/tallersautoada.com\/wp-content\/uploads\/2024\/10\/IMG_0496-1080x675-1.webp","articleSection":["Sin categorizar"],"inLanguage":"es-ES"},{"@type":"WebPage","@id":"https:\/\/tallersautoada.com\/es\/dfsk\/","url":"https:\/\/tallersautoada.com\/es\/dfsk\/","name":"DFSK - Tallers Autoada","isPartOf":{"@id":"https:\/\/tallersautoada.com\/#website"},"primaryImageOfPage":{"@id":"https:\/\/tallersautoada.com\/es\/dfsk\/#primaryimage"},"image":{"@id":"https:\/\/tallersautoada.com\/es\/dfsk\/#primaryimage"},"thumbnailUrl":"https:\/\/tallersautoada.com\/wp-content\/uploads\/2024\/10\/IMG_0496-1080x675-1.webp","datePublished":"2019-10-25T01:58:12+00:00","dateModified":"2024-11-23T19:48:38+00:00","breadcrumb":{"@id":"https:\/\/tallersautoada.com\/es\/dfsk\/#breadcrumb"},"inLanguage":"es-ES","potentialAction":[{"@type":"ReadAction","target":["https:\/\/tallersautoada.com\/es\/dfsk\/"]}]},{"@type":"ImageObject","inLanguage":"es-ES","@id":"https:\/\/tallersautoada.com\/es\/dfsk\/#primaryimage","url":"https:\/\/tallersautoada.com\/wp-content\/uploads\/2024\/10\/IMG_0496-1080x675-1.webp","contentUrl":"https:\/\/tallersautoada.com\/wp-content\/uploads\/2024\/10\/IMG_0496-1080x675-1.webp","width":1080,"height":675},{"@type":"BreadcrumbList","@id":"https:\/\/tallersautoada.com\/es\/dfsk\/#breadcrumb","itemListElement":[{"@type":"ListItem","position":1,"name":"Inici","item":"https:\/\/tallersautoada.com\/es\/inicio\/"},{"@type":"ListItem","position":2,"name":"DFSK"}]},{"@type":"WebSite","@id":"https:\/\/tallersautoada.com\/#website","url":"https:\/\/tallersautoada.com\/","name":"Tallers Autoada","description":"Taller mec\u00e0nic, electricitat, planxa i pintura i centre de rentat","publisher":{"@id":"https:\/\/tallersautoada.com\/#organization"},"potentialAction":[{"@type":"SearchAction","target":{"@type":"EntryPoint","urlTemplate":"https:\/\/tallersautoada.com\/?s={search_term_string}"},"query-input":{"@type":"PropertyValueSpecification","valueRequired":true,"valueName":"search_term_string"}}],"inLanguage":"es-ES"},{"@type":"Organization","@id":"https:\/\/tallersautoada.com\/#organization","name":"Tallers Autoada","url":"https:\/\/tallersautoada.com\/","logo":{"@type":"ImageObject","inLanguage":"es-ES","@id":"https:\/\/tallersautoada.com\/#\/schema\/logo\/image\/","url":"https:\/\/tallersautoada.com\/wp-content\/uploads\/2023\/01\/tallersautoada-logo.png","contentUrl":"https:\/\/tallersautoada.com\/wp-content\/uploads\/2023\/01\/tallersautoada-logo.png","width":1006,"height":395,"caption":"Tallers Autoada"},"image":{"@id":"https:\/\/tallersautoada.com\/#\/schema\/logo\/image\/"}},{"@type":"Person","@id":"https:\/\/tallersautoada.com\/#\/schema\/person\/25773ecb9c1aa0b1c720e145f496bbf7","name":"2mundoweb","image":{"@type":"ImageObject","inLanguage":"es-ES","@id":"https:\/\/secure.gravatar.com\/avatar\/123347680ca74590dcd462dcf38edfa7f6ca57693ba0bfccede7ff2a44205574?s=96&d=mm&r=g","url":"https:\/\/secure.gravatar.com\/avatar\/123347680ca74590dcd462dcf38edfa7f6ca57693ba0bfccede7ff2a44205574?s=96&d=mm&r=g","contentUrl":"https:\/\/secure.gravatar.com\/avatar\/123347680ca74590dcd462dcf38edfa7f6ca57693ba0bfccede7ff2a44205574?s=96&d=mm&r=g","caption":"2mundoweb"},"sameAs":["https:\/\/tallersautoada.com"],"url":"https:\/\/tallersautoada.com\/es\/author\/2mundoweb\/"}]}},"_links":{"self":[{"href":"https:\/\/tallersautoada.com\/es\/wp-json\/wp\/v2\/posts\/8720","targetHints":{"allow":["GET"]}}],"collection":[{"href":"https:\/\/tallersautoada.com\/es\/wp-json\/wp\/v2\/posts"}],"about":[{"href":"https:\/\/tallersautoada.com\/es\/wp-json\/wp\/v2\/types\/post"}],"author":[{"embeddable":true,"href":"https:\/\/tallersautoada.com\/es\/wp-json\/wp\/v2\/users\/1"}],"replies":[{"embeddable":true,"href":"https:\/\/tallersautoada.com\/es\/wp-json\/wp\/v2\/comments?post=8720"}],"version-history":[{"count":1,"href":"https:\/\/tallersautoada.com\/es\/wp-json\/wp\/v2\/posts\/8720\/revisions"}],"predecessor-version":[{"id":8721,"href":"https:\/\/tallersautoada.com\/es\/wp-json\/wp\/v2\/posts\/8720\/revisions\/8721"}],"wp:featuredmedia":[{"embeddable":true,"href":"https:\/\/tallersautoada.com\/es\/wp-json\/wp\/v2\/media\/8658"}],"wp:attachment":[{"href":"https:\/\/tallersautoada.com\/es\/wp-json\/wp\/v2\/media?parent=8720"}],"wp:term":[{"taxonomy":"category","embeddable":true,"href":"https:\/\/tallersautoada.com\/es\/wp-json\/wp\/v2\/categories?post=8720"},{"taxonomy":"post_tag","embeddable":true,"href":"https:\/\/tallersautoada.com\/es\/wp-json\/wp\/v2\/tags?post=8720"}],"curies":[{"name":"wp","href":"https:\/\/api.w.org\/{rel}","templated":true}]}}